{"headers": {"id": "ID", "ano": "Ano", "numero": "N\u00famero", "tipo__sigla": "Tipo de Mat\u00e9ria Legislativa/Sigla", "tipo__descricao": "Tipo de Mat\u00e9ria Legislativa/Descri\u00e7\u00e3o", "autoria": "Autorias", "texto_original": "Texto Original", "ementa": "Ementa"}, "results": [{"id": "257", "ano": "2022", "numero": "32", "tipo__sigla": "IND", "tipo__descricao": "Indica\u00e7\u00e3o", "autoria": "Gustavo Ven\u00e2ncio", "texto_original": "http://sapl.campinaverde.mg.leg.br/media/sapl/public/materialegislativa/2022/257/oficio_n_032_2022_indicacao.pdf", "ementa": "indica\u00e7\u00e3o verbal o V.Ex.\u00ba,\r\npara atendimento por parte do setor competente dessa\r\nAdministra\u00e7\u00e3o Municipal, no sentido de que sejam tomadas as\r\nprovid\u00eancias cab\u00edveis, referente \u00e0s \"ossadas\" dos a\u00e7ougues que\r\ns\u00e3o descartadas no \"lix\u00e3o\", trazendo grandes transtornos ao\r\nmeio ambiente!"}, {"id": "258", "ano": "2022", "numero": "33", "tipo__sigla": "IND", "tipo__descricao": "Indica\u00e7\u00e3o", "autoria": "Gustavo Ven\u00e2ncio", "texto_original": "http://sapl.campinaverde.mg.leg.br/media/sapl/public/materialegislativa/2022/258/oficio_n_033_2022_indicacao.pdf", "ementa": "indica\u00e7\u00e3o verbal a V.Ex.\u00aa,\r\npara atendimento por parte do setor competente dessa\r\nAdministra\u00e7\u00e3o Municipal, no sentido de que sejam tomadas as\r\nprovid\u00eancias oportunas no cruzamento da Rua 1 4 c/ Avenida 23,\r\npois nesse local h\u00e1 um grande fluxo de cargas e descargas de\r\ntodos os com\u00e9rcios pr\u00f3ximos, causando grandes\r\nconstrangimentos!"}, {"id": "256", "ano": "2022", "numero": "56", "tipo__sigla": "IND", "tipo__descricao": "Indica\u00e7\u00e3o", "autoria": "Gustavo Ven\u00e2ncio", "texto_original": "http://sapl.campinaverde.mg.leg.br/media/sapl/public/materialegislativa/2022/256/oficio_n_056_2022_indicacao.pdf", "ementa": "indica\u00e7\u00e3o verbal a V.Ex.\u00ba  para\r\noportuno atendimento por parte do setor competente dessa\r\nAdministra\u00e7\u00e3o Municipal, no sentido do procedimento de\r\nlimpeza nas cal\u00e7adas, pr\u00f3ximo \u00e0 antiga \"Milk Vida\", na Avenida\r\n03, subindo pela Rua 18 e virando na Avenida 05, atendendo \u00e0\r\nreclama\u00e7\u00e3o geral dos moradores"}, {"id": "294", "ano": "2022", "numero": "135", "tipo__sigla": "IND", "tipo__descricao": "Indica\u00e7\u00e3o", "autoria": "Gustavo Ven\u00e2ncio", "texto_original": "http://sapl.campinaverde.mg.leg.br/media/sapl/public/materialegislativa/2022/294/indicacao_135_2022_rotatoria.pdf", "ementa": "Constru\u00e7\u00e3o de uma Rotat\u00f3ria ou uma passagem\r\nna Avenida 19B, no Bairro Gilma Teixeira."}, {"id": "295", "ano": "2022", "numero": "193", "tipo__sigla": "IND", "tipo__descricao": "Indica\u00e7\u00e3o", "autoria": "Gustavo Ven\u00e2ncio", "texto_original": "http://sapl.campinaverde.mg.leg.br/media/sapl/public/materialegislativa/2022/295/indicacao_193_2022.pdf", "ementa": "Redu\u00e7\u00e3o do \"bico\" cont\u00edguo \u00e0 Rotat\u00f3ria da Sa\u00edda para S. Francisco\r\nde Sales e a Avenida Fradique Correa, que vem dificultando a\r\nmanobra de ve\u00edculos naquele local."}, {"id": "296", "ano": "2022", "numero": "72022", "tipo__sigla": "IND", "tipo__descricao": "Indica\u00e7\u00e3o", "autoria": "Gustavo Ven\u00e2ncio", "texto_original": "http://sapl.campinaverde.mg.leg.br/media/sapl/public/materialegislativa/2022/296/indicacao_cirurgias_eletivas.pdf", "ementa": "Os vereadores que esta subscrevem, v\u00eam por esta\r\nforma, com a observ\u00e2ncia das disposi\u00e7\u00f5es regimentais pr\u00f3prias,\r\nINDICAR ao Senhor Prefeito Municipal, a t\u00edtulo de sugest\u00e3o, que\r\natrav\u00e9s do setor competente, considere a possibilidade de destinar\r\nparte do valor referente \u00e0 devolu\u00e7\u00e3o realizada pela C\u00e2mara\r\nMunicipal, relativo ao Exerc\u00edcio Financeiro de 2.021, para as\r\nCIRURGIAS ELETIVAS!"}, {"id": "297", "ano": "2022", "numero": "302022", "tipo__sigla": "IND", "tipo__descricao": "Indica\u00e7\u00e3o", "autoria": "Gustavo Ven\u00e2ncio", "texto_original": "http://sapl.campinaverde.mg.leg.br/media/sapl/public/materialegislativa/2022/297/indicacao_praca.pdf", "ementa": "O vereador que esta subscreve, vem por esta forma,\r\ncom a observ\u00e2ncia das disposi\u00e7\u00f5es regimentais pr\u00f3prias, INDICAR ao\r\nSenhor Prefeito Municipal, que atrav\u00e9s do setor competente,\r\nconsidere a possibilidade da constru\u00e7\u00e3o de uma Pra\u00e7a ao lado da\r\nAcademia da Sa\u00fade, \u00e0 Avenida Amap\u00e1, no local dos\r\nestacionamentos!"}, {"id": "298", "ano": "2022", "numero": "1", "tipo__sigla": "MA", "tipo__descricao": "Mo\u00e7\u00e3o de Aplauso", "autoria": "Gustavo Ven\u00e2ncio", "texto_original": "http://sapl.campinaverde.mg.leg.br/media/sapl/public/materialegislativa/2022/298/mocao_bruno_franco.pdf", "ementa": "MO\u00c7\u00c3O DE APLAUSO a BRUNO FRANCO VIEIRA, filho de llson\r\nChagas Vieira Filho e K\u00e1tia Franco Silva Vieira, tendo-se em vista haver\r\nsido o mesmo aprovado em tr\u00eas das mais conceituadas faculdades\r\ndo pa\u00eds! Aprovado na Academia da For\u00e7a A\u00e9rea (AFA) no curso de\r\nPiloto, no Instituto Militar de Engenharia (IME) e no mais almejado, o\r\nInstituto Tecnol\u00f3gico de Aeron\u00e1utica (ITA) , no curso de Engenharia da\r\nComputa\u00e7\u00e3o! Requer ainda a comunica\u00e7\u00e3o de praxe \u00e0 pessoa do\r\nhomenageado!"}, {"id": "299", "ano": "2022", "numero": "2", "tipo__sigla": "MA", "tipo__descricao": "Mo\u00e7\u00e3o de Aplauso", "autoria": "Gustavo Ven\u00e2ncio", "texto_original": "http://sapl.campinaverde.mg.leg.br/media/sapl/public/materialegislativa/2022/299/mocao_iolanda_batista.pdf", "ementa": "MO\u00c7\u00c3O DE APLAUSO a IOLANDA BATISTA DE FREITAS MACEDO, ao ensejo de\r\nsua merecida aposentadoria, por mais de 30 anos de merit\u00f3rios\r\nservi\u00e7os prestados ao Munic\u00edpio, com total dedica\u00e7\u00e3o e pronto\r\natendimento como Servidora P\u00fablica exemplar, com a comunica\u00e7\u00e3o\r\nde praxe \u00e0 pessoa homenageada!"}, {"id": "300", "ano": "2022", "numero": "3", "tipo__sigla": "MA", "tipo__descricao": "Mo\u00e7\u00e3o de Aplauso", "autoria": "Gustavo Ven\u00e2ncio", "texto_original": "http://sapl.campinaverde.mg.leg.br/media/sapl/public/materialegislativa/2022/300/mocao_marcel_vieira.pdf", "ementa": "A C\u00e2mara Municipal de Campina Verde MG, em Reuni\u00e3o Ordin\u00e1ria realizada em 09\r\nde fevereiro de 2.022, por requerimento deste vereador GUSTAVO VERN\u00c2NCIO e a\r\naprova\u00e7\u00e3o do Plen\u00e1rio, fez registrar nos Anais desta Casa de Leis, com suas\r\nhomenagens, uma MO\u00c7\u00c3O DE APLAUSO ao Exm.\u00ba Marcel Vieira Rodrigues Da Cunha"}, {"id": "301", "ano": "2022", "numero": "4", "tipo__sigla": "MA", "tipo__descricao": "Mo\u00e7\u00e3o de Aplauso", "autoria": "Gustavo Ven\u00e2ncio", "texto_original": "http://sapl.campinaverde.mg.leg.br/media/sapl/public/materialegislativa/2022/301/mocao_rainha_expo.pdf", "ementa": "MO\u00c7\u00c3O DE APLAUSO \u00e0 Comiss\u00e3o Organizadora do Desfile da Rainha da\r\nExpoverde 22, integrada por Mariana Rezende, Fabiana Ferreira,\r\nDanielle Borges, Thays Marra, Vai Machado e Renata Miranda, bem\r\ncomo \u00e0 Rainha Eduarda Almeida, l .\u00aa Princesa Stephany Gon\u00e7alves e 2 Princesa Gabriela Urzedo, com a comunica\u00e7\u00e3o de praxe \u00e0s pessoas homenageadas!"}, {"id": "249", "ano": "2022", "numero": "1", "tipo__sigla": "PDL", "tipo__descricao": "Projeto de Decreto Legislativo", "autoria": "Rodriguinho Eventos", "texto_original": "http://sapl.campinaverde.mg.leg.br/media/sapl/public/materialegislativa/2022/249/projeto_de_decreto_legislativo_no_001__2022.pdf", "ementa": "- Fica concedido o \"T\u00cdTULO DE CIDADANIA CAMPINAVERDENSE\" ao casal Senhor Pedro C\u00e9sar Ferreira e Senhora Maria Helena Freitas, preenchidos que foram os pr\u00e9-requisitos previstos na legisla\u00e7\u00e3o pertinente em vigor e face aos relevantes servi\u00e7os prestados ao nosso munic\u00edpio e regi\u00e3o."}, {"id": "253", "ano": "2022", "numero": "2", "tipo__sigla": "PDL", "tipo__descricao": "Projeto de Decreto Legislativo", "autoria": "Rodriguinho Eventos", "texto_original": "http://sapl.campinaverde.mg.leg.br/media/sapl/public/materialegislativa/2022/253/projeto_de_decreto_legislativo_no_0022022.pdf", "ementa": "\"T\u00cdTULO DE CIDADANIA CAMPINAVERDENSE\"\r\nao Senhor Dr. Emerson Alves Dami\u00e3o"}, {"id": "272", "ano": "2022", "numero": "12", "tipo__sigla": "PDL", "tipo__descricao": "Projeto de Decreto Legislativo", "autoria": "Gustavo Ven\u00e2ncio", "texto_original": "http://sapl.campinaverde.mg.leg.br/media/sapl/public/materialegislativa/2022/272/projeto_de_decreto_legislativo_no_012_2022.pdf", "ementa": "DISP\u00d5E SOBRE A DENOMINA\u00c7\u00c3O A ORDEM MUNICIPAL DO M\u00c9RITO NO GRAU DE COOPERADOR COMO \"ORDEM\r\nMUNICIPAL DO M\u00c9RITO FLOR\u00caNCIO JOS\u00c9 FERREIRA -FLOR\u00caNCIO BONITO\" E D\u00c1 OUTRAS PROVID\u00caNCIAS"}, {"id": "325", "ano": "2022", "numero": "13", "tipo__sigla": "PDL", "tipo__descricao": "Projeto de Decreto Legislativo", "autoria": "", "texto_original": "http://sapl.campinaverde.mg.leg.br/media/sapl/public/materialegislativa/2022/325/pdl_013_2022_000587-1.pdf", "ementa": "DISP\u00d5E SOBRE A OUTORGA DE T\u00cdTULO DE CIDADANIA\r\nCAMPINAVERDENSE E D\u00c1 OUTRAS PROVID\u00caNCIAS \r\nT\u00cdTULO DE CIDADANIA CAMPINAVERDENSE\"\r\nao Senhor Felipe de Brito Brunozzi"}, {"id": "336", "ano": "2022", "numero": "14", "tipo__sigla": "PDL", "tipo__descricao": "Projeto de Decreto Legislativo", "autoria": "Gustavo Ven\u00e2ncio", "texto_original": "http://sapl.campinaverde.mg.leg.br/media/sapl/public/materialegislativa/2022/336/pdl_014_2022.pdf", "ementa": "DISP\u00d5E SOBRE A CONDECORA\u00c7\u00c3O \u00c0 ORDEM MUNICIPAL DO\r\nM\u00c9RITO FLOR\u00caNCIO JOS\u00c9 FERREIRA - FLOR\u00caNCIO BONITO NO\r\n\"GRAU DE COOPERADOR\" AO DR. VIN\u00cdCIUS DE BARROS MENDON\u00c7A."}, {"id": "352", "ano": "2022", "numero": "15", "tipo__sigla": "PDL", "tipo__descricao": "Projeto de Decreto Legislativo", "autoria": "", "texto_original": "http://sapl.campinaverde.mg.leg.br/media/sapl/public/materialegislativa/2022/352/pdl_015_2022.pdf", "ementa": "Disp\u00f5e sobre a aprova\u00e7\u00e3o das Contas da Prefeitura\r\nMunicipal de Campina Verde relativas ao Exerc\u00edcio\r\nFinanceiro de 2017, nos termos do Parecer Pr\u00e9vio\r\ndo Egr\u00e9gio Tribunal de Contas do Estado de Minas\r\nGerais."}, {"id": "353", "ano": "2022", "numero": "16", "tipo__sigla": "PDL", "tipo__descricao": "Projeto de Decreto Legislativo", "autoria": "Canhoto", "texto_original": "http://sapl.campinaverde.mg.leg.br/media/sapl/public/materialegislativa/2022/353/pdl_016_2022.pdf", "ementa": "DISP\u00d5E SOBRE A OUTORGA DE T\u00cdTULO DE CIDADANIA\r\nCAMPINA VERDENSE E D\u00c1 OUTRAS PROVID\u00caNCIAS"}, {"id": "255", "ano": "2022", "numero": "4", "tipo__sigla": "PLC", "tipo__descricao": "Projeto de Lei Complementar", "autoria": "", "texto_original": "http://sapl.campinaverde.mg.leg.br/media/sapl/public/materialegislativa/2022/255/projeto_de_lei_complementar_no_004_2022.pdf", "ementa": "CRIA O BENEF\u00cdCIO \"AUX\u00cdLIO-ALIMENTA\u00c7\u00c3O\", PARA OS EMPREGADOS P\u00daBLICOS DA C\u00c2MARA MUNICIPAL DE CAMPINA VERDE, E D\u00c1 OUTRAS PROVID\u00caNCIAS"}, {"id": "241", "ano": "2022", "numero": "1", "tipo__sigla": "PLL", "tipo__descricao": "Projeto de Lei Legislativo", "autoria": "", "texto_original": "http://sapl.campinaverde.mg.leg.br/media/sapl/public/materialegislativa/2022/241/projeto_de_lei_01_2022.pdf", "ementa": "AUTORIZA TRANSFER\u00caNCIA DE BEM M\u00d3VEL PARA O PODER EXECUTIVO MUNICIPAL"}, {"id": "254", "ano": "2022", "numero": "3", "tipo__sigla": "PLL", "tipo__descricao": "Projeto de Lei Legislativo", "autoria": "", "texto_original": "http://sapl.campinaverde.mg.leg.br/media/sapl/public/materialegislativa/2022/254/projeto_de_lei_no_003_2022.pdf", "ementa": "PROCEDE \u00c0 REVIS\u00c3O ANUAL DOS VALORES DA REMUNERA\u00c7\u00c3O DOS SERVIDORES DO PODER LEGISLATIVO DA C\u00c2MARA MUNICIPAL DE CAMPINA VERDE-MG, E D\u00c1 OUTRAS PROVID\u00caNCIAS"}, {"id": "251", "ano": "2022", "numero": "5", "tipo__sigla": "PLL", "tipo__descricao": "Projeto de Lei Legislativo", "autoria": "Mara Do Jac\u00f3", "texto_original": "http://sapl.campinaverde.mg.leg.br/media/sapl/public/materialegislativa/2022/251/pl_005_2022.pdf", "ementa": "Disp\u00f5e sobre o prazo m\u00e1ximo de 30 dias para a realiza\u00e7\u00e3o e entrega\r\nde resultados de exames, Citologia Onc\u00f3tica (Rastreamento de\r\nC\u00e2ncer de Colo do \u00datero) e Mamografia, cadastrados no Sistema de\r\nInforma\u00e7\u00e3o de C\u00e2ncer - SISCAN, no \u00e2mbito do Sistema \u00danico de\r\nSa\u00fade/SUS no munic\u00edpio de Campina Verde - MG."}, {"id": "271", "ano": "2022", "numero": "7", "tipo__sigla": "PLL", "tipo__descricao": "Projeto de Lei Legislativo", "autoria": "Mara Do Jac\u00f3", "texto_original": "http://sapl.campinaverde.mg.leg.br/media/sapl/public/materialegislativa/2022/271/projeto_de_lei_no._007_2022.pdf", "ementa": "DENOMINA A CIDADE DA CRIAN\u00c7A SITUADA NA ESCOLA MUNICIPAL S\u00c3O VICENTE DE PAULO DE CENTRO RECREATIVO INFANTIL EMILLY RAYSSA DOS SANTOS MIRANDA E D\u00c1 OUTRAS PROVID\u00caNCIAS"}, {"id": "277", "ano": "2022", "numero": "8", "tipo__sigla": "PLL", "tipo__descricao": "Projeto de Lei Legislativo", "autoria": "Mara Do Jac\u00f3", "texto_original": "http://sapl.campinaverde.mg.leg.br/media/sapl/public/materialegislativa/2022/277/projeto_de_lei_no_0082022.pdf", "ementa": "\"INSTITUI NO MUNIC\u00cdPIO DE CAMPINA VERDE - MG A CAMPANHA DE INCENTIVO \u00c0 DOA\u00c7\u00c3O DE CABELO DESTINADA A PESSOAS CARENTES EM TRATAMENTO DE C\u00c2NCER, E DA OUTRAS\r\nPROVID\u00caNCIAS E DA OUTRAS PROVID\u00caNCIAS. \""}, {"id": "280", "ano": "2022", "numero": "9", "tipo__sigla": "PLL", "tipo__descricao": "Projeto de Lei Legislativo", "autoria": "Mara Do Jac\u00f3", "texto_original": "http://sapl.campinaverde.mg.leg.br/media/sapl/public/materialegislativa/2022/280/pl_009-2022.pdf", "ementa": "D\u00c1 DENOMINA\u00c7\u00c3O \u00c0 ACADEMIA AO AR LIVRE SITUADA NA AVENIDA AMAP\u00c1 - BAIRRO ANA C\u00c2NDIDA E D\u00c1 OUTRAS PROVID\u00caNCIAS"}, {"id": "288", "ano": "2022", "numero": "11", "tipo__sigla": "PLL", "tipo__descricao": "Projeto de Lei Legislativo", "autoria": "Mara Do Jac\u00f3", "texto_original": "http://sapl.campinaverde.mg.leg.br/media/sapl/public/materialegislativa/2022/288/pll_011_2022_-_institui_a_semana_municipal_de_valorizacao_da_vida_e_prevencao_ao_suicidio.pdf", "ementa": "\u201cINSTITUI A SEMANA\r\nMUNICIPAL DE VALORIZA\u00c7\u00c3O DA VIDA E PREVEN\u00c7\u00c3O AO SU\u00cdCIDIO E D\u00c1\r\nOUTRAS PROVID\u00caNCIAS\u201d"}, {"id": "323", "ano": "2022", "numero": "13", "tipo__sigla": "PLL", "tipo__descricao": "Projeto de Lei Legislativo", "autoria": "", "texto_original": "http://sapl.campinaverde.mg.leg.br/media/sapl/public/materialegislativa/2022/323/pll_013_2022.pdf", "ementa": "Autoriza a abertura de cr\u00e9dito suplementar atrav\u00e9s do aproveitamento parcial das consigna\u00e7\u00f5es or\u00e7ament\u00e1rias da C\u00e2mara Municipal de Campina Verde/MG e d\u00e1 outras provid\u00eancias\""}, {"id": "326", "ano": "2022", "numero": "14", "tipo__sigla": "PLL", "tipo__descricao": "Projeto de Lei Legislativo", "autoria": "Caio Nunes", "texto_original": "http://sapl.campinaverde.mg.leg.br/media/sapl/public/materialegislativa/2022/326/pdl_014_2022_000588.pdf", "ementa": "Veda a nomea\u00e7\u00e3o para cargos em\r\ncomiss\u00e3o de pessoas que tenham sido\r\ncondenadas pela Lei Federal\r\nn\u00ba.11.340/2006 no \u00e2mbito do Munic\u00edpio\r\nde Campina Verde - MG"}, {"id": "335", "ano": "2022", "numero": "15", "tipo__sigla": "PLL", "tipo__descricao": "Projeto de Lei Legislativo", "autoria": "Gustavo Ven\u00e2ncio", "texto_original": "http://sapl.campinaverde.mg.leg.br/media/sapl/public/materialegislativa/2022/335/pll_015_2022_000602.pdf", "ementa": "INSTITUI NO MUNIC\u00cdPIO DE CAMPINA VERDE O DIA\r\nDO COOPERATIVISMO E D\u00c1 OUTRAS PROVID\u00caNCIAS"}, {"id": "349", "ano": "2022", "numero": "16", "tipo__sigla": "PLL", "tipo__descricao": "Projeto de Lei Legislativo", "autoria": "Caio Nunes", "texto_original": "http://sapl.campinaverde.mg.leg.br/media/sapl/public/materialegislativa/2022/349/pll_016_2022.pdf", "ementa": "Disp\u00f5e sobre a Premia\u00e7\u00e3o Professor Nota Dez aos professores da rede municipal e estadual de ensino e d\u00e1 outras provid\u00eancias."}, {"id": "348", "ano": "2022", "numero": "17", "tipo__sigla": "PLL", "tipo__descricao": "Projeto de Lei Legislativo", "autoria": "Caio Nunes", "texto_original": "http://sapl.campinaverde.mg.leg.br/media/sapl/public/materialegislativa/2022/348/pll_017_2022.pdf", "ementa": "Veda a nomea\u00e7\u00e3o para cargos em comiss\u00e3o de pessoas condenadas com tr\u00e2nsito em julgado nos crimes que especifica no \u00e2mbito do Munic\u00edpio de Campina Verde"}, {"id": "354", "ano": "2022", "numero": "19", "tipo__sigla": "PLL", "tipo__descricao": "Projeto de Lei Legislativo", "autoria": "Mara Do Jac\u00f3", "texto_original": "http://sapl.campinaverde.mg.leg.br/media/sapl/public/materialegislativa/2022/354/pll_019_2022.pdf", "ementa": "DA DENOMINACAO A PONTE DA RETIRADA BONITA E D\u00c1 OUTRAS PROVID\u00caNCIAS"}, {"id": "239", "ano": "2022", "numero": "1", "tipo__sigla": "PRE", "tipo__descricao": "Projeto de Resolu\u00e7\u00e3o", "autoria": "", "texto_original": "http://sapl.campinaverde.mg.leg.br/media/sapl/public/materialegislativa/2022/239/projeto_de_resolucao_n_001_2022.pdf", "ementa": "Disp\u00f5e sobre as Comiss\u00f5es Permanentes, para o 2\u00ba Per\u00edodo Legislativo."}, {"id": "240", "ano": "2022", "numero": "2", "tipo__sigla": "PRE", "tipo__descricao": "Projeto de Resolu\u00e7\u00e3o", "autoria": "", "texto_original": "http://sapl.campinaverde.mg.leg.br/media/sapl/public/materialegislativa/2022/240/projeto_de_resolucao_n_002_2022.pdf", "ementa": "Aprova o calend\u00e1rio legislativo para as reuni\u00f5es ordin\u00e1rias."}, {"id": "242", "ano": "2022", "numero": "3", "tipo__sigla": "PRE", "tipo__descricao": "Projeto de Resolu\u00e7\u00e3o", "autoria": "", "texto_original": "http://sapl.campinaverde.mg.leg.br/media/sapl/public/materialegislativa/2022/242/projeto_de_resolucao_no_003_2022.pdf", "ementa": "CRIA A OUVIDORIA PARLAMENTAR MUNICIPAL NA C\u00c2MARA MUNICIPAL DE CAMPINA VERDE"}, {"id": "276", "ano": "2022", "numero": "6", "tipo__sigla": "PRE", "tipo__descricao": "Projeto de Resolu\u00e7\u00e3o", "autoria": "Gustavo Ven\u00e2ncio", "texto_original": "http://sapl.campinaverde.mg.leg.br/media/sapl/public/materialegislativa/2022/276/projeto_de_resolucao_n_006_2022.pdf", "ementa": "\"Altera a Resolu\u00e7\u00e3o n\u00ba. 002/2022 de 10 de\r\njaneiro de 2022 e d\u00e1 outras provid\u00eancias\""}, {"id": "328", "ano": "2022", "numero": "7", "tipo__sigla": "PRE", "tipo__descricao": "Projeto de Resolu\u00e7\u00e3o", "autoria": "", "texto_original": "http://sapl.campinaverde.mg.leg.br/media/sapl/public/materialegislativa/2022/328/pr_07.pdf", "ementa": "FIXA A DESPESA DA C\u00c2MARA MUNICIPAL\r\nDE CAMPINA VERDE-MG PARA O\r\nEXERC\u00cdCIO DE 2023."}, {"id": "337", "ano": "2022", "numero": "9", "tipo__sigla": "PRE", "tipo__descricao": "Projeto de Resolu\u00e7\u00e3o", "autoria": "", "texto_original": "http://sapl.campinaverde.mg.leg.br/media/sapl/public/materialegislativa/2022/337/projeto_de_resolucao_no_009_2022_.pdf", "ementa": "\"Altera a Resolu\u00e7\u00e3o n\u00ba. 006/2022 de 24 de\r\nmaio de 2022 e d\u00e1 outras provid\u00eancias\"."}, {"id": "350", "ano": "2022", "numero": "10", "tipo__sigla": "PRE", "tipo__descricao": "Projeto de Resolu\u00e7\u00e3o", "autoria": "", "texto_original": "http://sapl.campinaverde.mg.leg.br/media/sapl/public/materialegislativa/2022/350/pr_010_2022.pdf", "ementa": "Altera o artigo 1\u00ba e o anexo \u00fanico da resolu\u00e7\u00e3o N\u00ba 007/2022, de 22 de agosto de 2022 que fixa despesa da C\u00e2mara Municipal de Campina Verde para o exerc\u00edcio de 2023"}, {"id": "259", "ano": "2022", "numero": "1", "tipo__sigla": "VP", "tipo__descricao": "Voto de Pesar", "autoria": "Gustavo Ven\u00e2ncio", "texto_original": "http://sapl.campinaverde.mg.leg.br/media/sapl/public/materialegislativa/2022/259/oficio_n_001_2022_voto_de_pesar.pdf", "ementa": "VOTO,DE PESAR Senhora MARIA CONCEI\u00c7\u00c3O FERREIRA BARBOSA."}, {"id": "266", "ano": "2022", "numero": "10", "tipo__sigla": "VP", "tipo__descricao": "Voto de Pesar", "autoria": "Gustavo Ven\u00e2ncio", "texto_original": "http://sapl.campinaverde.mg.leg.br/media/sapl/public/materialegislativa/2022/266/voto_pesar_maria_de_lourdes_andrade_.pdf", "ementa": "VOTO DE PESAR pelo\r\nfalecimento de MARIA DE LOURDES ANDRADE"}, {"id": "267", "ano": "2022", "numero": "11", "tipo__sigla": "VP", "tipo__descricao": "Voto de Pesar", "autoria": "Gustavo Ven\u00e2ncio", "texto_original": "http://sapl.campinaverde.mg.leg.br/media/sapl/public/materialegislativa/2022/267/voto_pesar_joao_batista_vasconcelos.pdf", "ementa": "VOTO DE PESAR pelo\r\nfalecimento de JO\u00c3O BATISTA VASCONCELOS"}, {"id": "268", "ano": "2022", "numero": "12", "tipo__sigla": "VP", "tipo__descricao": "Voto de Pesar", "autoria": "Gustavo Ven\u00e2ncio", "texto_original": "http://sapl.campinaverde.mg.leg.br/media/sapl/public/materialegislativa/2022/268/voto_pesar_guilherma_candida_da_silva_amaral.pdf", "ementa": "VOTO DE PESAR pelo\r\nfalecimento de GUILHERMA C\u00c2NDIDA DA SILVA AMARAL"}, {"id": "269", "ano": "2022", "numero": "14", "tipo__sigla": "VP", "tipo__descricao": "Voto de Pesar", "autoria": "Gustavo Ven\u00e2ncio", "texto_original": "http://sapl.campinaverde.mg.leg.br/media/sapl/public/materialegislativa/2022/269/voto_pesar_jairo_ribeiro_de_souza.pdf", "ementa": "VOTO DE PESAR pelo\r\nfalecimento de JAIRO RIBEIRO DE SOUZA"}, {"id": "270", "ano": "2022", "numero": "15", "tipo__sigla": "VP", "tipo__descricao": "Voto de Pesar", "autoria": "Gustavo Ven\u00e2ncio", "texto_original": "http://sapl.campinaverde.mg.leg.br/media/sapl/public/materialegislativa/2022/270/voto_pesar_maria_jose_oliveira_moises.pdf", "ementa": "VOTO DE PESAR pelo\r\nfalecimento de MARIA JOS\u00c9 OLIVEIRA MOIS\u00c9S"}, {"id": "260", "ano": "2022", "numero": "22", "tipo__sigla": "VP", "tipo__descricao": "Voto de Pesar", "autoria": "Gustavo Ven\u00e2ncio", "texto_original": "http://sapl.campinaverde.mg.leg.br/media/sapl/public/materialegislativa/2022/260/oficio_n_022_2022_voto_de_pesar.pdf", "ementa": "VOTO DE PESAR pelo falecimento d e\r\nARIOVALDO NUNES BERALDO"}, {"id": "261", "ano": "2022", "numero": "24", "tipo__sigla": "VP", "tipo__descricao": "Voto de Pesar", "autoria": "Gustavo Ven\u00e2ncio", "texto_original": "http://sapl.campinaverde.mg.leg.br/media/sapl/public/materialegislativa/2022/261/oficio_n_024_2022_voto_de_pesar.pdf", "ementa": "VOTO DE PESAR\r\npelo falecimento de JO\u00c3O BATISTA VASCONCELOS"}, {"id": "262", "ano": "2022", "numero": "66", "tipo__sigla": "VP", "tipo__descricao": "Voto de Pesar", "autoria": "Gustavo Ven\u00e2ncio", "texto_original": "http://sapl.campinaverde.mg.leg.br/media/sapl/public/materialegislativa/2022/262/oficio_n_066_2022_voto_de_pesar.pdf", "ementa": "VOTO DE PESAR pelo falecimento de MARIA DE LOURDES\r\nANDRADE (Fi\u00edca Ven\u00e2ncio)"}, {"id": "263", "ano": "2022", "numero": "92", "tipo__sigla": "VP", "tipo__descricao": "Voto de Pesar", "autoria": "Gustavo Ven\u00e2ncio", "texto_original": "http://sapl.campinaverde.mg.leg.br/media/sapl/public/materialegislativa/2022/263/oficio_n_092_2022_voto_de_pesar.pdf", "ementa": "VOTO DE PESAR pelo falecimento de GUILHERMA\r\nC\u00c2NDIDA DA SILVA AMARAL"}, {"id": "264", "ano": "2022", "numero": "93", "tipo__sigla": "VP", "tipo__descricao": "Voto de Pesar", "autoria": "Gustavo Ven\u00e2ncio", "texto_original": "http://sapl.campinaverde.mg.leg.br/media/sapl/public/materialegislativa/2022/264/oficio_n_093_2022_voto_de_pesar.pdf", "ementa": "VOTO DE PESAR pelo falecimento de JAIRO RIBEIRO DE SOUZA"}, {"id": "265", "ano": "2022", "numero": "94", "tipo__sigla": "VP", "tipo__descricao": "Voto de Pesar", "autoria": "Gustavo Ven\u00e2ncio", "texto_original": "http://sapl.campinaverde.mg.leg.br/media/sapl/public/materialegislativa/2022/265/oficio_n_094_2022_voto_de_pesar.pdf", "ementa": "VOTO DE PESAR pelo falecimento de MARIA JOS\u00c9 OLIVEIRA MOIS\u00c9S"}, {"id": "302", "ano": "2022", "numero": "222022", "tipo__sigla": "VP", "tipo__descricao": "Voto de Pesar", "autoria": "Gustavo Ven\u00e2ncio", "texto_original": "http://sapl.campinaverde.mg.leg.br/media/sapl/public/materialegislativa/2022/302/voto_de_pesar_ariovaldo.pdf", "ementa": "VOTO DE PESAR pelo falecimento de\r\nARIOVALDO NUNES BERALDO"}, {"id": "309", "ano": "2022", "numero": "242022", "tipo__sigla": "VP", "tipo__descricao": "Voto de Pesar", "autoria": "Gustavo Ven\u00e2ncio", "texto_original": "http://sapl.campinaverde.mg.leg.br/media/sapl/public/materialegislativa/2022/309/voto_de_pesar_joao_batista.pdf", "ementa": "VOTO DE PESAR\r\npelo falecimento de JO\u00c3O BATISTA VASCONCELOS"}, {"id": "312", "ano": "2022", "numero": "662022", "tipo__sigla": "VP", "tipo__descricao": "Voto de Pesar", "autoria": "Gustavo Ven\u00e2ncio", "texto_original": "http://sapl.campinaverde.mg.leg.br/media/sapl/public/materialegislativa/2022/312/voto_de_pesar_maria_de_lourdes.pdf", "ementa": "VOTO DE PESAR pelo falecimento de MARIA DE LOURDES\r\nANDRADE (Fi\u00edca Ven\u00e2ncio)"}, {"id": "305", "ano": "2022", "numero": "922022", "tipo__sigla": "VP", "tipo__descricao": "Voto de Pesar", "autoria": "Gustavo Ven\u00e2ncio", "texto_original": "http://sapl.campinaverde.mg.leg.br/media/sapl/public/materialegislativa/2022/305/voto_de_pesar_guilherma.pdf", "ementa": "VOTO DE PESAR pelo falecimento de GUILHERMA\r\nC\u00c2NDIDA DA SILVA AMARAL"}, {"id": "308", "ano": "2022", "numero": "932022", "tipo__sigla": "VP", "tipo__descricao": "Voto de Pesar", "autoria": "Gustavo Ven\u00e2ncio", "texto_original": "http://sapl.campinaverde.mg.leg.br/media/sapl/public/materialegislativa/2022/308/voto_de_pesar_jairo.pdf", "ementa": "VOTO DE PESAR pelo falecimento de JAIRO RIBEIRO DE SOUZA"}, {"id": "314", "ano": "2022", "numero": "942022", "tipo__sigla": "VP", "tipo__descricao": "Voto de Pesar", "autoria": "Gustavo Ven\u00e2ncio", "texto_original": "http://sapl.campinaverde.mg.leg.br/media/sapl/public/materialegislativa/2022/314/voto_de_pesar_maria_jose.pdf", "ementa": "VOTO DE PESAR pelo falecimento de MARIA JOS\u00c9 OLIVEIRA MOIS\u00c9S"}, {"id": "306", "ano": "2022", "numero": "1492022", "tipo__sigla": "VP", "tipo__descricao": "Voto de Pesar", "autoria": "Gustavo Ven\u00e2ncio", "texto_original": "http://sapl.campinaverde.mg.leg.br/media/sapl/public/materialegislativa/2022/306/voto_de_pesar_hamilton.pdf", "ementa": "VOTO DE PESAR pelo\r\nfalecimento de HAMILTON PAULINO PEREIRA (Hamilton do Betico)"}, {"id": "310", "ano": "2022", "numero": "1872022", "tipo__sigla": "VP", "tipo__descricao": "Voto de Pesar", "autoria": "Gustavo Ven\u00e2ncio", "texto_original": "http://sapl.campinaverde.mg.leg.br/media/sapl/public/materialegislativa/2022/310/voto_de_pesar_joao_lacerda.pdf", "ementa": "VOTO DE PESAR pelo falecimento de JO\u00c2O LACERDA DOS\r\nSANTOS"}, {"id": "303", "ano": "2022", "numero": "2202022", "tipo__sigla": "VP", "tipo__descricao": "Voto de Pesar", "autoria": "Gustavo Ven\u00e2ncio", "texto_original": "http://sapl.campinaverde.mg.leg.br/media/sapl/public/materialegislativa/2022/303/voto_de_pesar_diva.pdf", "ementa": "VOTO DE PESAR pelo falecimento de DIVA AURORA DE\r\nGOUVEIA"}, {"id": "307", "ano": "2022", "numero": "2212022", "tipo__sigla": "VP", "tipo__descricao": "Voto de Pesar", "autoria": "Gustavo Ven\u00e2ncio", "texto_original": "http://sapl.campinaverde.mg.leg.br/media/sapl/public/materialegislativa/2022/307/voto_de_pesar_iaponira.pdf", "ementa": "VOTO DE PESAR pelo falecimento de IAPONIRA\r\nCONCEI\u00c7\u00c3O DE MACEDO"}, {"id": "313", "ano": "2022", "numero": "2302022", "tipo__sigla": "VP", "tipo__descricao": "Voto de Pesar", "autoria": "Gustavo Ven\u00e2ncio", "texto_original": "http://sapl.campinaverde.mg.leg.br/media/sapl/public/materialegislativa/2022/313/voto_de_pesar_maria_ferreira.pdf", "ementa": "VOTO DE PESAR pelo falecimento de MARIA FERREIRA BARBOSA"}, {"id": "311", "ano": "2022", "numero": "2362022", "tipo__sigla": "VP", "tipo__descricao": "Voto de Pesar", "autoria": "Gustavo Ven\u00e2ncio", "texto_original": "http://sapl.campinaverde.mg.leg.br/media/sapl/public/materialegislativa/2022/311/voto_de_pesar_luzia.pdf", "ementa": "VOTO DE\r\nPESAR pelo falecimento de LUZIA RODRIGUES FRAN\u00c7A OLIVEIRA"}, {"id": "304", "ano": "2022", "numero": "27052022", "tipo__sigla": "VP", "tipo__descricao": "Voto de Pesar", "autoria": "Gustavo Ven\u00e2ncio", "texto_original": "http://sapl.campinaverde.mg.leg.br/media/sapl/public/materialegislativa/2022/304/voto_de_pesar_expedita.pdf", "ementa": "VOTO DE PESAR pelo falecimento de\r\nEXPEDITA MARIA DE ARA\u00daJO"}, {"id": "246", "ano": "2022", "numero": "1", "tipo__sigla": "PLE", "tipo__descricao": "Projeto de Lei do Executivo", "autoria": "", "texto_original": "http://sapl.campinaverde.mg.leg.br/media/sapl/public/materialegislativa/2022/246/pl_no_001_2022.pdf", "ementa": "\"DISP\u00d5E SOBRE \u00c1 AUTORIZA\u00c7\u00c3O AO PODER EXECUTIVO MUNICIPAL A REPASSAR AOS AGENTES COMUNIT\u00c1RIOS OE SA\u00daDE E OS AGENTES DE COMBATE A ENDEMIAS VINCULADOS \u00c0S EQUIPES DE SA\u00daDE DA FAM\u00cdLIA, INCENTIVO FINANCEIRO ADICIONAL, REPASSADO PELO GOVERNO FEDERAL AO MUNIC\u00cdPIO DE CAMPINA VERDE E D\u00c1 OUTRAS PROVID\u00caNCIAS\""}, {"id": "245", "ano": "2022", "numero": "2", "tipo__sigla": "PLE", "tipo__descricao": "Projeto de Lei do Executivo", "autoria": "", "texto_original": "http://sapl.campinaverde.mg.leg.br/media/sapl/public/materialegislativa/2022/245/pl_no_002_2022.pdf", "ementa": "\"AUTORIZA O MUNIC\u00cdPIO DE CAMPINA VERDE A DOAR IM\u00d3VEIS AOS SEUS RESPECTIVOS OCUPANTES COMO FORMA DE REGULARIZA\u00c7\u00c3O FUNDI\u00c1RIA E CONT\u00c9M OUTRAS PROVID\u00caNCIAS\""}, {"id": "244", "ano": "2022", "numero": "3", "tipo__sigla": "PLE", "tipo__descricao": "Projeto de Lei do Executivo", "autoria": "", "texto_original": "http://sapl.campinaverde.mg.leg.br/media/sapl/public/materialegislativa/2022/244/pl_no_003_2022.pdf", "ementa": "\"AUTORIZA A ABERTURA DE CREDITO ESPECIAL POR ANULA\u00c7\u00c3O DE DOTA\u00c7\u00c3O DO OR\u00c7AMENTO VIGENTE E CONT\u00c9M OUTRAS PROVID\u00caNCIAS\""}, {"id": "243", "ano": "2022", "numero": "4", "tipo__sigla": "PLE", "tipo__descricao": "Projeto de Lei do Executivo", "autoria": "", "texto_original": "http://sapl.campinaverde.mg.leg.br/media/sapl/public/materialegislativa/2022/243/pl_no_004_2022.pdf", "ementa": "\"CRIA A COORDENADORlA MUNICIPAL DE PROTE\u00c7\u00c3O E DEFESA CIVIL (COMPDEC) DO MUNIC\u00cdPIO DE CAMPINA VERDE E D\u00c1 OUTRAS PROVID\u00caNCIAS"}, {"id": "250", "ano": "2022", "numero": "6", "tipo__sigla": "PLE", "tipo__descricao": "Projeto de Lei do Executivo", "autoria": "", "texto_original": "http://sapl.campinaverde.mg.leg.br/media/sapl/public/materialegislativa/2022/250/pl_no_006_2022.pdf", "ementa": "\"AUTORIZA A ABERTURA DE CR\u00c9DITO SUPLEMENTAR POR EXCESSO DE ARRECADA\u00c7\u00c3O DE CONV\u00caNIO NO OR\u00c7AMENTO VIGENTE E D\u00c1 OUTRAS PROVID\u00caNCIAS\""}, {"id": "248", "ano": "2022", "numero": "7", "tipo__sigla": "PLE", "tipo__descricao": "Projeto de Lei do Executivo", "autoria": "", "texto_original": "http://sapl.campinaverde.mg.leg.br/media/sapl/public/materialegislativa/2022/248/pl_no_007_2022_-_executivo.pdf", "ementa": "\"AUTORIZA A ABERTURA DE CR\u00c9DITO SUPLEMENTAR POR EXCESSO DE ARRECADA\u00c7\u00c3O DE CONV\u00caNIO NO OR\u00c7AMENTO VIGENTE E D\u00c1 OUTRAS PROVID\u00caNCIAS\","}, {"id": "247", "ano": "2022", "numero": "8", "tipo__sigla": "PLE", "tipo__descricao": "Projeto de Lei do Executivo", "autoria": "", "texto_original": "http://sapl.campinaverde.mg.leg.br/media/sapl/public/materialegislativa/2022/247/projeto_de_lei_008-2022.pdf", "ementa": "CONCEDE REVIS\u00c3O GERAL ANUAL AOS SERVIDORES ATIVOS, INATIVOS E PENSIONISTAS, DA FORMA QUE MENCIONA, E D\u00c1 OUTRAS PROVID\u00caNCIAS"}, {"id": "252", "ano": "2022", "numero": "10", "tipo__sigla": "PLE", "tipo__descricao": "Projeto de Lei do Executivo", "autoria": "", "texto_original": "http://sapl.campinaverde.mg.leg.br/media/sapl/public/materialegislativa/2022/252/pl_no_010_2022.pdf", "ementa": "AUTORIZA O EXECUTIVO MUNICIPAL A CELEBRAR CONV\u00caNIO\r\nCOM O SINDICATO DOS PRODUTORES RURAIS DE CAMPINA VERDE PARA AQUISI\u00c7\u00c3O DE\r\nPASSAPORTE PELOS SERVIDORES DESTE MUNIC\u00cdPIO E SEUS FAMILIARES PARA A EXPOVERDE\r\n2022 E D\u00c1 OUTRAS PROVID\u00caNCIAS"}, {"id": "293", "ano": "2022", "numero": "12", "tipo__sigla": "PLE", "tipo__descricao": "Projeto de Lei do Executivo", "autoria": "", "texto_original": "http://sapl.campinaverde.mg.leg.br/media/sapl/public/materialegislativa/2022/293/pl_012_-_cria_auxilio_transporte_acs_-_assinado.pdf", "ementa": "\"CRIA AUX\u00cdLIO TRANSPORTE AOS AGENTES COMUNIT\u00c1RIOS DE SA\u00daDE E ABRE\r\nUM CR\u00c9DITO ESPECIAL NA LOA 2022 PARA ATENDIMENTO DA DESPESA E D\u00c1 OUTRAS\r\nPROVID\u00caNCIAS\""}, {"id": "273", "ano": "2022", "numero": "24", "tipo__sigla": "PLE", "tipo__descricao": "Projeto de Lei do Executivo", "autoria": "", "texto_original": "http://sapl.campinaverde.mg.leg.br/media/sapl/public/materialegislativa/2022/273/pl_024_2022.pdf", "ementa": "\"AUTORIZA A ABERTURA DE CR\u00c9DITO ESPECIAL NO OR\u00c7AMENTO VIGENTE DA SECRETARIA MUNICIPAL DE EDUCA\u00c7\u00c3O, DESTINADO A AQUISI\u00c7\u00c3O DE VEICULOS PARA O TRANSPORTE ESCOLAR E CONT\u00c9M OUTRAS PROVID\u00caNCIAS"}, {"id": "274", "ano": "2022", "numero": "25", "tipo__sigla": "PLE", "tipo__descricao": "Projeto de Lei do Executivo", "autoria": "", "texto_original": "http://sapl.campinaverde.mg.leg.br/media/sapl/public/materialegislativa/2022/274/pl_025_2022.pdf", "ementa": "\"AUTORIZA A ABERTURA DE CR\u00c9DITO ADICIONAL SUPLEMENTAR POR EXCESSO DE ARRECADA\u00c7\u00c3O DE CONV\u00caNIO NO OR\u00c7AMENTO VIGENTE DA SECRETARIA MUNICIPAL DE SERVI\u00c7OS URBANOS E CONT\u00c9M OUTRAS PROVID\u00caNCIAS\""}, {"id": "275", "ano": "2022", "numero": "26", "tipo__sigla": "PLE", "tipo__descricao": "Projeto de Lei do Executivo", "autoria": "", "texto_original": "http://sapl.campinaverde.mg.leg.br/media/sapl/public/materialegislativa/2022/275/pl_026_2022.pdf", "ementa": "\"AUTORIZA A ABERTURA DE CR\u00c9DITO ESPECIAL NO OR\u00c7AMENTO VIGENTE DA SECRETARIA MUNICIPAL DE EDUCA\u00c7\u00c3O, DESTINADO A CONSTRU\u00c7\u00c3O DE QUADRA POLIESPORTIVA NA ESCOLA CELSO RODRIGUES DE LIMA E CONT\u00c9M OUTRAS PROVID\u00caNCIAS\""}, {"id": "278", "ano": "2022", "numero": "27", "tipo__sigla": "PLE", "tipo__descricao": "Projeto de Lei do Executivo", "autoria": "", "texto_original": "http://sapl.campinaverde.mg.leg.br/media/sapl/public/materialegislativa/2022/278/projeto_de_lei_027_2022.pdf", "ementa": "\"RATIFICA A SEGUNDA ALTERA\u00c7\u00c3O AO CONTRATO DE CONS\u00d3RCIO DO CONS\u00d3RCIO P\u00daBLICO INTERMUNICIPAL DE DESENVOLVIMENTO SUSTENT\u00c1VEL DO TRI\u00c2NGULO MINEIRO E ALTO PARANA\u00cdBA - CIDES - E D\u00c1 OUTRAS PROVID\u00caNCIAS\""}, {"id": "279", "ano": "2022", "numero": "28", "tipo__sigla": "PLE", "tipo__descricao": "Projeto de Lei do Executivo", "autoria": "", "texto_original": "http://sapl.campinaverde.mg.leg.br/media/sapl/public/materialegislativa/2022/279/projeto_de_lei_028_2022.pdf", "ementa": "\"AUTORIZA O MUNIC\u00cdPIO A COMPLEMENTAR TABELA VALORES DA TABELA DO SUS PARA PACIENTES EM TRATAMENTO NO INSTITUTO NACIONAL DE DESENVOLVIMENTO SOCIAL E HUMANO - INDSH E CONT\u00c9M OUTRAS PROVID\u00caCIAS''"}, {"id": "281", "ano": "2022", "numero": "29", "tipo__sigla": "PLE", "tipo__descricao": "Projeto de Lei do Executivo", "autoria": "", "texto_original": "http://sapl.campinaverde.mg.leg.br/media/sapl/public/materialegislativa/2022/281/projeto_de_lei_n_029_2022.pdf", "ementa": "\"AUTORIZA O PODER EXECUTIVO A DOAR \u00c1REA DE TERRENO DE PROPRIEDADE DO MUNIC\u00cdPIO DE CAMPINA VERDE A QUE ESPECIFICA, \u00c0 EMPRESA ACP BIOENERGIA LTDA, PARA O FIM QUE MENCIONA E D\u00c1 OUTRAS PROVID\u00caNCIAS\","}, {"id": "282", "ano": "2022", "numero": "30", "tipo__sigla": "PLE", "tipo__descricao": "Projeto de Lei do Executivo", "autoria": "", "texto_original": "http://sapl.campinaverde.mg.leg.br/media/sapl/public/materialegislativa/2022/282/projeto_de_lei_no030_2022.pdf", "ementa": "AUTORIZA A ABERTURA DE CR\u00c9DITO ADICIONAL SUPLEMENTAR NO OR\u00c7AMENTO VIGENTE DA SECRETARIA MUNICIPAL DE EDUCA\u00c7\u00c3O E CONT\u00c9M OUTRAS PROVID\u00caNCIAS"}, {"id": "283", "ano": "2022", "numero": "32", "tipo__sigla": "PLE", "tipo__descricao": "Projeto de Lei do Executivo", "autoria": "", "texto_original": "http://sapl.campinaverde.mg.leg.br/media/sapl/public/materialegislativa/2022/283/ple_032_2022_000544.pdf", "ementa": "ALTERA O SAL\u00c1RIO BASE DO MONITOR DE CRECHE - MC E D\u00c1 OUTRAS PROVIDENCIAS"}, {"id": "285", "ano": "2022", "numero": "33", "tipo__sigla": "PLE", "tipo__descricao": "Projeto de Lei do Executivo", "autoria": "", "texto_original": "http://sapl.campinaverde.mg.leg.br/media/sapl/public/materialegislativa/2022/285/pl_033_2022__substitutivo.pdf", "ementa": "DISP\u00d5E SOBRE A REORGANIZA\u00c7\u00c3O E ESTRUTURA DO PODER EXECUTIVO DO\r\nMunic\u00edpio DE CAMPINA VERDE DA FORMA QUE ESPECIFICA E D\u00c1 OUTRAS Provid\u00eancias"}, {"id": "289", "ano": "2022", "numero": "34", "tipo__sigla": "PLE", "tipo__descricao": "Projeto de Lei do Executivo", "autoria": "", "texto_original": "http://sapl.campinaverde.mg.leg.br/media/sapl/public/materialegislativa/2022/289/pl_034.pdf", "ementa": "DISP\u00d5E SOBRE A REESTRUTURA\u00c7\u00c3O DA POL\u00cdTICA MUNICIPAL DE ATENDIMENTO DOS DIREITOS DA CRIAN\u00c7A E DO ADOLESCENTE E D\u00c1 OUTRAS PROVID\u00caNCIAS"}, {"id": "290", "ano": "2022", "numero": "35", "tipo__sigla": "PLE", "tipo__descricao": "Projeto de Lei do Executivo", "autoria": "", "texto_original": "http://sapl.campinaverde.mg.leg.br/media/sapl/public/materialegislativa/2022/290/pl_035.pdf", "ementa": "AUTORIZA O PODER EXECUTIVO A CUSTEAR A DESPESA QUE MENCIONA E D\u00c1 OUTRAS PROVIDENCIAS"}, {"id": "291", "ano": "2022", "numero": "36", "tipo__sigla": "PLE", "tipo__descricao": "Projeto de Lei do Executivo", "autoria": "", "texto_original": "http://sapl.campinaverde.mg.leg.br/media/sapl/public/materialegislativa/2022/291/pl_036.pdf", "ementa": "CRIA CARGO DE RESPONS\u00c1VEL T\u00c9CNICO NA \u00c1REA DA ENFERMAGEM NO PRONTO ATENDIMENTO M\u00c9DICO MUNICIPAL E D\u00c1 OUTRAS PROVID\u00caNCIAS"}, {"id": "292", "ano": "2022", "numero": "37", "tipo__sigla": "PLE", "tipo__descricao": "Projeto de Lei do Executivo", "autoria": "", "texto_original": "http://sapl.campinaverde.mg.leg.br/media/sapl/public/materialegislativa/2022/292/pl_037.pdf", "ementa": "ALTERA A REDA\u00c7\u00c3O DO ART.1\u00ba DA LEI N. 2.294/2022 E DA OUTRAS PROVID\u00caNCIAS"}, {"id": "286", "ano": "2022", "numero": "38", "tipo__sigla": "PLE", "tipo__descricao": "Projeto de Lei do Executivo", "autoria": "", "texto_original": "http://sapl.campinaverde.mg.leg.br/media/sapl/public/materialegislativa/2022/286/pl_038_2022.pdf", "ementa": "AUTORIZA O PODER EXECUTIVO A DESAFETAR E, POR CONSEQUENCIA, CONCEDER O DIRETO REAL DE USO DE BEM IM\u00d3VEL MUNICIPAL PARA IMPLANTA\u00c7\u00c3O DE UM'' P\u00d3LO DE ENSINO \u00c0 DIST\u00c2NCIA-PED'' E CONT\u00c9M OUTRAS DISPOSI\u00c7\u00d5ES"}, {"id": "284", "ano": "2022", "numero": "39", "tipo__sigla": "PLE", "tipo__descricao": "Projeto de Lei do Executivo", "autoria": "", "texto_original": "http://sapl.campinaverde.mg.leg.br/media/sapl/public/materialegislativa/2022/284/projeto_de_lei_039__2022.pdf", "ementa": "''REVOGA O ART. 5\u00ba DA LEI 2.056/2015 DE 09 DE DEZEMBRO DE 2015 E D\u00c1 OUTRAS PROVID\u00caNCIAS''"}, {"id": "287", "ano": "2022", "numero": "40", "tipo__sigla": "PLE", "tipo__descricao": "Projeto de Lei do Executivo", "autoria": "", "texto_original": "http://sapl.campinaverde.mg.leg.br/media/sapl/public/materialegislativa/2022/287/pl_040_2022.pdf", "ementa": "AUTORIZA O MUNIC\u00cdPIO DE CAMPINA VERDE A FAZER CONCESS\u00c3O DE USO DE EQUIPAMENTO M\u00d3VEL AO INSTITUTO NACIONAL DE DESENVOLVIMENTO SOCIAL E HUMANO - INDSH E CONT\u00c9M OUTRAS PROVIDENCIAS"}, {"id": "321", "ano": "2022", "numero": "41", "tipo__sigla": "PLE", "tipo__descricao": "Projeto de Lei do Executivo", "autoria": "", "texto_original": "http://sapl.campinaverde.mg.leg.br/media/sapl/public/materialegislativa/2022/321/ple_041_amplia_area_urbana.pdf", "ementa": "AMPLIA \u00c1REA URBANA DO MUNIC\u00cdPIO DE CAMPINA VERDE, DEFINIDO PELA\r\nLEI MUNICIPAL N\u00ba 1.985/13, E D\u00c1 OUTRAS PROVID\u00caNCIAS"}, {"id": "322", "ano": "2022", "numero": "42", "tipo__sigla": "PLE", "tipo__descricao": "Projeto de Lei do Executivo", "autoria": "", "texto_original": "http://sapl.campinaverde.mg.leg.br/media/sapl/public/materialegislativa/2022/322/ple_042_piso_salarial_acs_-_ace.pdf", "ementa": "\"REGULAMENTA A FIXA\u00c7\u00c3O DO PISO SALARIAL DE AGENTE\r\nCOMUNIT\u00c1RIO DA SA\u00daDE E DOS AGENTES DE CONTROLE OE ENDEMIAS\r\nNOS TERMOS DA EMENDA CONSTITUCIONAL N\u00ba l20/2022 E D\u00c1 OUTRAS PROVID\u00caNCIAS"}, {"id": "315", "ano": "2022", "numero": "43", "tipo__sigla": "PLE", "tipo__descricao": "Projeto de Lei do Executivo", "autoria": "", "texto_original": "http://sapl.campinaverde.mg.leg.br/media/sapl/public/materialegislativa/2022/315/pl_043.pdf", "ementa": "AUTORIZA A ABERTURA DE CR\u00c9DITO ADICIONAL SUPLEMENTAR NO OR\u00c7AMENTO VIGENTE DA SECRETARIA MUNICIPAL DESERVI\u00c7OS URBANOS E CONT\u00c9M OUTRAS PROVID\u00caNCIAS"}, {"id": "316", "ano": "2022", "numero": "44", "tipo__sigla": "PLE", "tipo__descricao": "Projeto de Lei do Executivo", "autoria": "", "texto_original": "http://sapl.campinaverde.mg.leg.br/media/sapl/public/materialegislativa/2022/316/pl_044.pdf", "ementa": "AUTORIZA A ABERTURA DE CR\u00c9DITO ADICIONAL SUPLEMENTAR NO OR\u00c7AMENTO VIGENTE DA SECRETARIA MUNICIPAL DE AGRICULTURA, PECU\u00c1RIA, IND\u00daSTRIA E COM\u00c9RCIO E CONT\u00c9M OUTRAS PROVID\u00caNCIAS"}, {"id": "317", "ano": "2022", "numero": "45", "tipo__sigla": "PLE", "tipo__descricao": "Projeto de Lei do Executivo", "autoria": "", "texto_original": "http://sapl.campinaverde.mg.leg.br/media/sapl/public/materialegislativa/2022/317/pl_045.pdf", "ementa": "AUTORIZA A ABERTURA DE CR\u00c9DITO ESPECIAL NO OR\u00c7AMENTO VIGENTE DA SECRETARIA MUNICIPAL DE SERVI\u00c7OS URBANOS E CONT\u00c9M OUTRAS PROVID\u00caNCIAS"}, {"id": "318", "ano": "2022", "numero": "46", "tipo__sigla": "PLE", "tipo__descricao": "Projeto de Lei do Executivo", "autoria": "", "texto_original": "http://sapl.campinaverde.mg.leg.br/media/sapl/public/materialegislativa/2022/318/pl_046.pdf", "ementa": "AUTORIZA A ABERTURA DE CR\u00c9DITO ADICIONAL SUPLEMENTAR NO OR\u00c7AMENTO VIGENTE DA SECRETARIA MUNICIPAL DE ASSIST\u00caNCIA SOCIAL E CONT\u00c9M OUTRAS PROVID\u00caNCIAS"}, {"id": "319", "ano": "2022", "numero": "47", "tipo__sigla": "PLE", "tipo__descricao": "Projeto de Lei do Executivo", "autoria": "", "texto_original": "http://sapl.campinaverde.mg.leg.br/media/sapl/public/materialegislativa/2022/319/pl_047.pdf", "ementa": "AUTORIZA A ABERTURA DE CR\u00c9DITO ADICIONAL SUPLEMENTAR POR EXCESSO DE ARRECADA\u00c7\u00c3O DE CONV\u00caNIO NO\r\nOR\u00c7AMENTO VIGENTE DA SECRETARIA MUNICIPAL DE EDUCA\u00c7\u00c3O E CONT\u00c9M OUTRAS PROVID\u00caNCIAS"}, {"id": "320", "ano": "2022", "numero": "48", "tipo__sigla": "PLE", "tipo__descricao": "Projeto de Lei do Executivo", "autoria": "", "texto_original": "http://sapl.campinaverde.mg.leg.br/media/sapl/public/materialegislativa/2022/320/pl_048.pdf", "ementa": "AUTORIZA A ABERTURA DE CR\u00c9DITO ADICIONAL SUPLEMENTAR POR EXCESSO DE ARRECADA\u00c7\u00c3O DE CONV\u00caNIO NO\r\nOR\u00c7AMENTO VIGENTE DA SECRETARIA MUNICIPAL DE EDUCA\u00c7\u00c3O E CONT\u00c9M OUTRAS PROVID\u00caNCIAS"}, {"id": "324", "ano": "2022", "numero": "49", "tipo__sigla": "PLE", "tipo__descricao": "Projeto de Lei do Executivo", "autoria": "", "texto_original": "http://sapl.campinaverde.mg.leg.br/media/sapl/public/materialegislativa/2022/324/pl_no_049_2022.pdf", "ementa": "ALTERA EM PARTE A LEI N\u00ba 2.325/2022, DE 30 DE JUNHO DE 2022 E D\u00c1 OUTRAS PROVID\u00caNCIAS"}, {"id": "329", "ano": "2022", "numero": "51", "tipo__sigla": "PLE", "tipo__descricao": "Projeto de Lei do Executivo", "autoria": "", "texto_original": "http://sapl.campinaverde.mg.leg.br/media/sapl/public/materialegislativa/2022/329/pl_051_2022.pdf", "ementa": "AUTORIZA A ABERTURA DE CR\u00c9DITO ADICIONAL  SUPLEMENTAR NO OR\u00c7AMENTO VIGENTE DA SECRETARIA MUNICIPAL DEASSIST\u00caNCIA SOCIAL E CONT\u00c9M OUTRAS PROVID\u00caNCIAS"}, {"id": "327", "ano": "2022", "numero": "52", "tipo__sigla": "PLE", "tipo__descricao": "Projeto de Lei do Executivo", "autoria": "", "texto_original": "http://sapl.campinaverde.mg.leg.br/media/sapl/public/materialegislativa/2022/327/pl_052.pdf", "ementa": "ALTERA O ART. 1\u00ba DA LEI MUNICIPAL 2.310/2022, DE 28 DE\r\nABRIL DE 2022 E CONT\u00c9M OUTRAS PROVID\u00caNCIAS"}, {"id": "331", "ano": "2022", "numero": "53", "tipo__sigla": "PLE", "tipo__descricao": "Projeto de Lei do Executivo", "autoria": "", "texto_original": "http://sapl.campinaverde.mg.leg.br/media/sapl/public/materialegislativa/2022/331/pl_053_2022.pdf", "ementa": "Disp\u00f5e sobre a reorganiza\u00e7\u00e3o e estrutura da secretaria municipal de cultura, com a modifica\u00e7\u00e3o necess\u00e1rias nos artigos 43 e 44 da lei municipal 1450/2002 alterada pela lei 1836/2011 e da outras provid\u00eancias"}, {"id": "330", "ano": "2022", "numero": "54", "tipo__sigla": "PLE", "tipo__descricao": "Projeto de Lei do Executivo", "autoria": "", "texto_original": "http://sapl.campinaverde.mg.leg.br/media/sapl/public/materialegislativa/2022/330/pl_054_2022.pdf", "ementa": "Autoriza a abertura de cr\u00e9dito adicional suplementar por super\u00e1vit financeiro no or\u00e7amento vigente da secretaria municipal de servi\u00e7os urbanos e cont\u00e9m outras"}, {"id": "332", "ano": "2022", "numero": "55", "tipo__sigla": "PLE", "tipo__descricao": "Projeto de Lei do Executivo", "autoria": "", "texto_original": "http://sapl.campinaverde.mg.leg.br/media/sapl/public/materialegislativa/2022/332/pl_55_2022.pdf", "ementa": "Autoriza o munic\u00edpio a realizar despesa que especifica e cont\u00e9m outras provid\u00eancias"}, {"id": "334", "ano": "2022", "numero": "56", "tipo__sigla": "PLE", "tipo__descricao": "Projeto de Lei do Executivo", "autoria": "", "texto_original": "http://sapl.campinaverde.mg.leg.br/media/sapl/public/materialegislativa/2022/334/ple_056_2022_000603.pdf", "ementa": "\"ALTERA A REDA\u00c7\u00c3O DO ART. 42 DA LEI 2.114/2017 DE 30 DE\r\nOUTUBRO DE 2017 E CONT\u00c9M OUTRAS PROVID\u00caNCIAS''"}, {"id": "333", "ano": "2022", "numero": "57", "tipo__sigla": "PLE", "tipo__descricao": "Projeto de Lei do Executivo", "autoria": "", "texto_original": "http://sapl.campinaverde.mg.leg.br/media/sapl/public/materialegislativa/2022/333/pl_057_2022.pdf", "ementa": "Autoriza o poder executivo a desafetar e, por consequ\u00eancia conceder o direito real de uso de bem im\u00f3vel municipal para implanta\u00e7\u00e3o de um \"Polo de ensino presencial e cont\u00e9m outras disposi\u00e7\u00f5es\"."}, {"id": "347", "ano": "2022", "numero": "58", "tipo__sigla": "PLE", "tipo__descricao": "Projeto de Lei do Executivo", "autoria": "", "texto_original": "http://sapl.campinaverde.mg.leg.br/media/sapl/public/materialegislativa/2022/347/pl_058.pdf", "ementa": "AUTORIZA A ABERTURA DE CR\u00c9DITO ADICIONAL\r\nSUPLEMENTAR POR SUPER\u00c1VIT FINANCEIRO NO OR\u00c7AMENTO VIGENTE E\r\nCONT\u00c9M OUTRAS PROVID\u00caNCIAS"}, {"id": "346", "ano": "2022", "numero": "59", "tipo__sigla": "PLE", "tipo__descricao": "Projeto de Lei do Executivo", "autoria": "", "texto_original": "http://sapl.campinaverde.mg.leg.br/media/sapl/public/materialegislativa/2022/346/pl_059.pdf", "ementa": "AUTORIZA A ABERTURA DE CR\u00c9DITO ADICIONAL\r\nSUPLEMENTAR POR ANULA\u00c7\u00c3O DE DOTA\u00c7\u00d5ES NO OR\u00c7AMENTO VIGENTE E\r\nCONT\u00c9M OUTRAS PROVID\u00caNCIAS"}, {"id": "338", "ano": "2022", "numero": "60", "tipo__sigla": "PLE", "tipo__descricao": "Projeto de Lei do Executivo", "autoria": "", "texto_original": "http://sapl.campinaverde.mg.leg.br/media/sapl/public/materialegislativa/2022/338/pl_060.pdf", "ementa": "ALTERA A REDA\u00c7\u00c3O DO \u00a7 4\u00b0 DO ART. 9\u00b0 DA LEI N\u00ba\r\n2.245/2021 E CONT\u00c9M OUTRAS PROVID\u00caNCIAS"}, {"id": "339", "ano": "2022", "numero": "61", "tipo__sigla": "PLE", "tipo__descricao": "Projeto de Lei do Executivo", "autoria": "", "texto_original": "http://sapl.campinaverde.mg.leg.br/media/sapl/public/materialegislativa/2022/339/pl_061.pdf", "ementa": "AUTORIZA A ABERTURA DE CR\u00c9DITO ADICIONAL\r\nSUPLEMENTAR POR ANULA\u00c7\u00c3O DE DOTA\u00c7\u00d5ES NO OR\u00c7AMENTO VIGENTE E\r\nCONT\u00c9M OUTRAS PROVID\u00caNCIAS"}, {"id": "340", "ano": "2022", "numero": "62", "tipo__sigla": "PLE", "tipo__descricao": "Projeto de Lei do Executivo", "autoria": "", "texto_original": "http://sapl.campinaverde.mg.leg.br/media/sapl/public/materialegislativa/2022/340/pl_062.pdf", "ementa": "AUTORIZA A ABERTURA DE CR\u00c9DITO ADICIONAL\r\nSUPLEMENTAR POR ANULA\u00c7\u00c3O DE DOTA\u00c7\u00d5ES NO OR\u00c7AMENTO VIGENTE E\r\nCONT\u00c9M OUTRAS PROVID\u00caNCIAS"}, {"id": "341", "ano": "2022", "numero": "63", "tipo__sigla": "PLE", "tipo__descricao": "Projeto de Lei do Executivo", "autoria": "", "texto_original": "http://sapl.campinaverde.mg.leg.br/media/sapl/public/materialegislativa/2022/341/pl_063.pdf", "ementa": "AUTORIZA A ABERTURA OE CR\u00c9DITO ADICIONAL\r\nSUPLEMENTAR POR SUPER\u00c1VIT FINANCEIRO NO OR\u00c7AMENTO VIGENTE E\r\nCONT\u00c9M OUTRAS PROVID\u00caNCIAS"}, {"id": "342", "ano": "2022", "numero": "64", "tipo__sigla": "PLE", "tipo__descricao": "Projeto de Lei do Executivo", "autoria": "", "texto_original": "http://sapl.campinaverde.mg.leg.br/media/sapl/public/materialegislativa/2022/342/pl_064.pdf", "ementa": "AUTORIZA A ABERTURA DE CR\u00c9DITO ADICIONAL\r\nSUPLEMENTAR POR SUPER\u00c1VIT FINANCEIRO NO OR\u00c7AMENTO VIGENTE E\r\nCONT\u00c9M OUTRAS PROVID\u00caNCIAS"}, {"id": "343", "ano": "2022", "numero": "65", "tipo__sigla": "PLE", "tipo__descricao": "Projeto de Lei do Executivo", "autoria": "", "texto_original": "http://sapl.campinaverde.mg.leg.br/media/sapl/public/materialegislativa/2022/343/pl_065.pdf", "ementa": "AUTORIZA A ABERTURA DE CR\u00c9DITO ADICIONAL SUPLEMENTAR\r\nPOR SUPER\u00c1VIT FINANCEIRO NO OR\u00c7AMENTO VIGENTE E CONT\u00c9M OUTRAS\r\nPROVID\u00caNCIAS"}, {"id": "344", "ano": "2022", "numero": "66", "tipo__sigla": "PLE", "tipo__descricao": "Projeto de Lei do Executivo", "autoria": "", "texto_original": "http://sapl.campinaverde.mg.leg.br/media/sapl/public/materialegislativa/2022/344/pl_066.pdf", "ementa": "AUTORIZA A ABERTURA DE CR\u00c9DITO ADICIONAL SUPLEMENTAR\r\nPOR SUPER\u00c1VIT FINANCEIRO NO OR\u00c7AMENTO VIGENTE E CONT\u00c9M ,OUTRAS\r\nPROVID\u00caNCIAS"}, {"id": "345", "ano": "2022", "numero": "67", "tipo__sigla": "PLE", "tipo__descricao": "Projeto de Lei do Executivo", "autoria": "", "texto_original": "http://sapl.campinaverde.mg.leg.br/media/sapl/public/materialegislativa/2022/345/pl_067.pdf", "ementa": "AUTORIZA A ABERTURA DE CREDITO SUPLEMENTAR\r\nNO OR\u00c7AMENTO VIGENTE E CONT\u00c9M OUTRAS PROVID\u00caNCIAS"}, {"id": "355", "ano": "2022", "numero": "70", "tipo__sigla": "PLE", "tipo__descricao": "Projeto de Lei do Executivo", "autoria": "", "texto_original": "http://sapl.campinaverde.mg.leg.br/media/sapl/public/materialegislativa/2022/355/ple_070_2022.pdf", "ementa": "ESTIMA A RECEITA E FIXA A DESPESA DO MUNIC\u00cdPIO DE CAMPINA VERDE,MG, PARA O EXERC\u00cdCIO FINANCEIRO DE 2023"}, {"id": "351", "ano": "2022", "numero": "72", "tipo__sigla": "PLE", "tipo__descricao": "Projeto de Lei do Executivo", "autoria": "", "texto_original": "http://sapl.campinaverde.mg.leg.br/media/sapl/public/materialegislativa/2022/351/ple_072_2022.pdf", "ementa": "\u201cAUTORIZA O PODER EXECUTIVO A\r\nREPASSAR INCENTIVO FINANCEIRO PARA A ENTIDADE QUE\r\nMENCIONA E CONT\u00c9M OUTRAS PROVID\u00caNCIAS\u201d"}, {"id": "356", "ano": "2022", "numero": "73", "tipo__sigla": "PLE", "tipo__descricao": "Projeto de Lei do Executivo", "autoria": "", "texto_original": "http://sapl.campinaverde.mg.leg.br/media/sapl/public/materialegislativa/2022/356/ple_073_2022.pdf", "ementa": "ALTERA ANEXOS DA LEI N\u00ba 2.311, DE 11 DE MAIO\r\nDE 2022, QUE ESTABELECE AS DIRETRIZES PARA\r\nELABORA\u00c7\u00c3O DA LEI OR\u00c7AMENT\u00c1RIA ANUAL DE\r\n2023"}]}