{"id":82,"__str__":"Voto de Pesar n\u00ba 3 de 2021","link_detail_backend":"/materia/82","metadata":{},"numero":3,"ano":2021,"numero_protocolo":null,"data_apresentacao":"2021-03-03","tipo_apresentacao":"E","data_publicacao":null,"numero_origem_externa":"","ano_origem_externa":null,"data_origem_externa":null,"apelido":"","dias_prazo":null,"data_fim_prazo":null,"em_tramitacao":false,"polemica":false,"objeto":"","complementar":false,"ementa":"Voto DE PESAR pelo falecimento de ISMAIL JOS\u00c9 NUNES\r\n\r\nEm reuni\u00e3o. ordin\u00e1ria deste Poder Legislativo Municipal, por iniciativa do vereador VANDERLEI FERREIRA DA SILVA, com as associa\u00e7\u00f5es dos: Vereadores (Ant\u00f4nio Roberto (T\u00f5e Mulata) e Dr. Jo\u00e3o com a aprova\u00e7\u00e3o. do plen\u00e1rio, fez-se consignar nos Anais desta Casa de Leis, um voto DE PESAR pelo falecimento de ISMAIL JOS\u00c9 NUNES, exemplo de trabalho, dignidade e honradez, qualidades essas que soube cultivar com sabedoria durante toda a\r\nsua exist\u00eancia, transmitindo-as\u00b7 \u00e0 posteridade! Rogando a Deus que possa proporcionar a todos os familiares e amigos o oportuno conforto, valemo-nos desta oportunidade para reafirmar a Vv .S.\u00aas a seguran\u00e7a de nossa alta estima e especial considera\u00e7\u00e39.","indexacao":"","observacao":"","resultado":"","texto_original":"http://sapl.campinaverde.mg.leg.br/media/sapl/public/materialegislativa/2021/82/voto_de_pesar_ismail_jose_nunes.pdf","data_ultima_atualizacao":"2021-03-23T15:24:31.364882-03:00","ip":"191.55.153.227","ultima_edicao":"2021-03-23T15:22:20.672607-03:00","tipo":9,"regime_tramitacao":1,"tipo_origem_externa":null,"local_origem_externa":null,"user":28,"anexadas":[],"autores":[19]}