{"id":301,"__str__":"Mo\u00e7\u00e3o de Aplauso n\u00ba 4 de 2022","link_detail_backend":"/materia/301","metadata":{},"numero":4,"ano":2022,"numero_protocolo":null,"data_apresentacao":"2022-05-10","tipo_apresentacao":"E","data_publicacao":null,"numero_origem_externa":"","ano_origem_externa":null,"data_origem_externa":null,"apelido":"","dias_prazo":null,"data_fim_prazo":null,"em_tramitacao":false,"polemica":false,"objeto":"","complementar":false,"ementa":"MO\u00c7\u00c3O DE APLAUSO \u00e0 Comiss\u00e3o Organizadora do Desfile da Rainha da\r\nExpoverde 22, integrada por Mariana Rezende, Fabiana Ferreira,\r\nDanielle Borges, Thays Marra, Vai Machado e Renata Miranda, bem\r\ncomo \u00e0 Rainha Eduarda Almeida, l .\u00aa Princesa Stephany Gon\u00e7alves e 2 Princesa Gabriela Urzedo, com a comunica\u00e7\u00e3o de praxe \u00e0s pessoas homenageadas!","indexacao":"","observacao":"","resultado":"","texto_original":"http://sapl.campinaverde.mg.leg.br/media/sapl/public/materialegislativa/2022/301/mocao_rainha_expo.pdf","data_ultima_atualizacao":"2022-07-26T14:22:03.495114-03:00","ip":"45.190.131.247","ultima_edicao":"2022-07-26T14:20:39.619060-03:00","tipo":10,"regime_tramitacao":1,"tipo_origem_externa":null,"local_origem_externa":null,"user":28,"anexadas":[],"autores":[33]}