{"id":300,"__str__":"Mo\u00e7\u00e3o de Aplauso n\u00ba 3 de 2022","link_detail_backend":"/materia/300","metadata":{},"numero":3,"ano":2022,"numero_protocolo":null,"data_apresentacao":"2022-02-09","tipo_apresentacao":"E","data_publicacao":null,"numero_origem_externa":"","ano_origem_externa":null,"data_origem_externa":null,"apelido":"","dias_prazo":null,"data_fim_prazo":null,"em_tramitacao":false,"polemica":false,"objeto":"","complementar":false,"ementa":"A C\u00e2mara Municipal de Campina Verde MG, em Reuni\u00e3o Ordin\u00e1ria realizada em 09\r\nde fevereiro de 2.022, por requerimento deste vereador GUSTAVO VERN\u00c2NCIO e a\r\naprova\u00e7\u00e3o do Plen\u00e1rio, fez registrar nos Anais desta Casa de Leis, com suas\r\nhomenagens, uma MO\u00c7\u00c3O DE APLAUSO ao Exm.\u00ba Marcel Vieira Rodrigues Da Cunha","indexacao":"","observacao":"","resultado":"","texto_original":"http://sapl.campinaverde.mg.leg.br/media/sapl/public/materialegislativa/2022/300/mocao_marcel_vieira.pdf","data_ultima_atualizacao":"2022-07-26T14:20:28.551212-03:00","ip":"45.190.131.247","ultima_edicao":"2022-07-26T14:19:05.309884-03:00","tipo":10,"regime_tramitacao":1,"tipo_origem_externa":null,"local_origem_externa":null,"user":28,"anexadas":[],"autores":[33]}