{"id":299,"__str__":"Mo\u00e7\u00e3o de Aplauso n\u00ba 2 de 2022","link_detail_backend":"/materia/299","metadata":{},"numero":2,"ano":2022,"numero_protocolo":null,"data_apresentacao":"2022-04-11","tipo_apresentacao":"E","data_publicacao":null,"numero_origem_externa":"","ano_origem_externa":null,"data_origem_externa":null,"apelido":"","dias_prazo":null,"data_fim_prazo":null,"em_tramitacao":false,"polemica":false,"objeto":"","complementar":false,"ementa":"MO\u00c7\u00c3O DE APLAUSO a IOLANDA BATISTA DE FREITAS MACEDO, ao ensejo de\r\nsua merecida aposentadoria, por mais de 30 anos de merit\u00f3rios\r\nservi\u00e7os prestados ao Munic\u00edpio, com total dedica\u00e7\u00e3o e pronto\r\natendimento como Servidora P\u00fablica exemplar, com a comunica\u00e7\u00e3o\r\nde praxe \u00e0 pessoa homenageada!","indexacao":"","observacao":"","resultado":"","texto_original":"http://sapl.campinaverde.mg.leg.br/media/sapl/public/materialegislativa/2022/299/mocao_iolanda_batista.pdf","data_ultima_atualizacao":"2022-07-26T14:19:00.384162-03:00","ip":"45.190.131.247","ultima_edicao":"2022-07-26T14:17:35.921061-03:00","tipo":10,"regime_tramitacao":1,"tipo_origem_externa":null,"local_origem_externa":null,"user":28,"anexadas":[],"autores":[33]}