{"id":298,"__str__":"Mo\u00e7\u00e3o de Aplauso n\u00ba 1 de 2022","link_detail_backend":"/materia/298","metadata":{},"numero":1,"ano":2022,"numero_protocolo":null,"data_apresentacao":"2022-01-11","tipo_apresentacao":"","data_publicacao":null,"numero_origem_externa":"","ano_origem_externa":null,"data_origem_externa":null,"apelido":"","dias_prazo":null,"data_fim_prazo":null,"em_tramitacao":false,"polemica":false,"objeto":"","complementar":false,"ementa":"MO\u00c7\u00c3O DE APLAUSO a BRUNO FRANCO VIEIRA, filho de llson\r\nChagas Vieira Filho e K\u00e1tia Franco Silva Vieira, tendo-se em vista haver\r\nsido o mesmo aprovado em tr\u00eas das mais conceituadas faculdades\r\ndo pa\u00eds! Aprovado na Academia da For\u00e7a A\u00e9rea (AFA) no curso de\r\nPiloto, no Instituto Militar de Engenharia (IME) e no mais almejado, o\r\nInstituto Tecnol\u00f3gico de Aeron\u00e1utica (ITA) , no curso de Engenharia da\r\nComputa\u00e7\u00e3o! Requer ainda a comunica\u00e7\u00e3o de praxe \u00e0 pessoa do\r\nhomenageado!","indexacao":"","observacao":"","resultado":"","texto_original":"http://sapl.campinaverde.mg.leg.br/media/sapl/public/materialegislativa/2022/298/mocao_bruno_franco.pdf","data_ultima_atualizacao":"2022-07-26T14:17:27.429396-03:00","ip":"45.190.131.247","ultima_edicao":"2022-07-26T14:15:15.163255-03:00","tipo":10,"regime_tramitacao":1,"tipo_origem_externa":null,"local_origem_externa":null,"user":28,"anexadas":[],"autores":[33]}