{"id":190,"__str__":"Of\u00edcio n\u00ba 72 de 2021","link_detail_backend":"/materia/190","metadata":{},"numero":72,"ano":2021,"numero_protocolo":null,"data_apresentacao":"2021-02-15","tipo_apresentacao":"E","data_publicacao":null,"numero_origem_externa":"","ano_origem_externa":null,"data_origem_externa":null,"apelido":"","dias_prazo":null,"data_fim_prazo":null,"em_tramitacao":false,"polemica":false,"objeto":"","complementar":false,"ementa":"Em reuni\u00e3o ordin\u00e1ria deste e Poder Legislativo\r\nMunicipal, a vereadora VALTIVA MACIEL MENDES apresentou\r\nsolicita\u00e7\u00e3o ao setor competente dessa Administra\u00e7\u00e3o\r\nMunicipal, no sentido de informar sobre a retomada da reforma\r\ndo Pronto Atendimento - P AM.","indexacao":"","observacao":"","resultado":"","texto_original":"http://sapl.campinaverde.mg.leg.br/media/sapl/public/materialegislativa/2021/190/oficio_n.o_0192.021_-_gab.pdf","data_ultima_atualizacao":"2021-03-28T23:40:15.377659-03:00","ip":"177.106.194.74","ultima_edicao":"2021-03-28T23:38:54.961243-03:00","tipo":18,"regime_tramitacao":1,"tipo_origem_externa":null,"local_origem_externa":null,"user":28,"anexadas":[],"autores":[23]}