{"id":186,"__str__":"Of\u00edcio n\u00ba 71 de 2021","link_detail_backend":"/materia/186","metadata":{},"numero":71,"ano":2021,"numero_protocolo":null,"data_apresentacao":"2021-02-25","tipo_apresentacao":"O","data_publicacao":null,"numero_origem_externa":"","ano_origem_externa":null,"data_origem_externa":null,"apelido":"","dias_prazo":null,"data_fim_prazo":null,"em_tramitacao":false,"polemica":false,"objeto":"","complementar":false,"ementa":"Em reuni\u00e3o ordin\u00e1ria de te Poder Legislativo\r\nMunicipal, foram acolhidos expedientes d parte da Vereadora\r\nVALTIVA MACIEL MENDES as indica\u00e7\u00e3o verbais para que\r\natrav\u00e9s dos \u00f3rg\u00e3os competentes proceda: o \"plantio de\r\n\u00e1rvores\" em Campina Verde e no Distrito de Honor\u00f3polis; a\r\n\"revitaliza\u00e7\u00e3o da Pra\u00e7a da Capela\" e colocar, bancos no\r\ncentro da Pra\u00e7a para proporcionar maior comodidade aos pais\r\ne as crian\u00e7as, dado a seu grande alcance social!","indexacao":"","observacao":"","resultado":"","texto_original":"http://sapl.campinaverde.mg.leg.br/media/sapl/public/materialegislativa/2021/186/oficio_n.0_0332.021_-_gab.pdf","data_ultima_atualizacao":"2021-03-28T23:31:55.009184-03:00","ip":"177.106.194.74","ultima_edicao":"2021-03-28T23:30:33.264624-03:00","tipo":18,"regime_tramitacao":1,"tipo_origem_externa":null,"local_origem_externa":null,"user":28,"anexadas":[],"autores":[23]}