{"id":104,"__str__":"Of\u00edcio n\u00ba 1 de 2021","link_detail_backend":"/materia/104","metadata":{},"numero":1,"ano":2021,"numero_protocolo":null,"data_apresentacao":"2021-01-05","tipo_apresentacao":"E","data_publicacao":null,"numero_origem_externa":"","ano_origem_externa":null,"data_origem_externa":null,"apelido":"","dias_prazo":null,"data_fim_prazo":null,"em_tramitacao":false,"polemica":false,"objeto":"","complementar":false,"ementa":"Senhor Presidente, \r\nPelo presente, venho respeitosamente solicitar que\r\nsejam promovidas as a\u00e7\u00f5es necess\u00e1rias visando a adequa\u00e7\u00e3o do pr\u00e9dio\r\nque abriga a Sede deste Poder Legislativo \u00e0s necessidades das Pessoas\r\nCom Defici\u00eancia (PCD).\r\nTal adequa\u00e7\u00e3o atenderia a NBR 9050, de 2015 que\r\nestabelece crit\u00e9rios e par\u00e2metros t\u00e9cnicos a serem observados em projeto,\r\nconstru\u00e7\u00e3o, instala\u00e7\u00e3o e adapta\u00e7\u00e3o de edifica\u00e7\u00f5es, mobili\u00e1rio, espa\u00e7os e\r\nequipamentos urbanos \u00e0s condi\u00e7\u00f5es de acessibilidade.\r\nAproveito a oportunidade, para informar que protocolei\r\nnessa Casa de Leis, a Indica\u00e7\u00e3o n\u00ba. 3/2021 , solicitando ao Prefeito\r\nMunicipal que tais a\u00e7\u00f5es sejam tamb\u00e9m adotadas em todos os pr\u00e9dios\r\np\u00fablicos e logradouros de nosso Munic\u00edpio.","indexacao":"","observacao":"","resultado":"","texto_original":"http://sapl.campinaverde.mg.leg.br/media/sapl/public/materialegislativa/2021/104/oficio_no._0012021-cn.pdf","data_ultima_atualizacao":"2021-03-26T15:12:19.424115-03:00","ip":"177.69.89.234","ultima_edicao":"2021-03-26T15:10:51.272432-03:00","tipo":18,"regime_tramitacao":1,"tipo_origem_externa":null,"local_origem_externa":null,"user":28,"anexadas":[],"autores":[30]}